{"id":1350,"date":"2026-04-19T11:38:08","date_gmt":"2026-04-19T09:38:08","guid":{"rendered":"https:\/\/sieben-schwaben-fuerth.de\/wp7s\/?p=1350"},"modified":"2026-04-19T11:38:09","modified_gmt":"2026-04-19T09:38:09","slug":"tageskarte-19-april-2026","status":"publish","type":"post","link":"https:\/\/sieben-schwaben-fuerth.de\/wp7s\/1350\/tageskarte-19-april-2026\/","title":{"rendered":"Sonntag, 19. April"},"content":{"rendered":"<div class=\"wp-block-image\">\n<figure class=\"aligncenter size-full\"><a href=\"https:\/\/sieben-schwaben-fuerth.de\/wp7s\/wp-content\/uploads\/2026\/04\/Bildschirmfoto-2026-04-19-um-11.37.50.png\" target=\"_blank\" rel=\"noopener\"><img loading=\"lazy\" decoding=\"async\" width=\"936\" height=\"1468\" src=\"https:\/\/sieben-schwaben-fuerth.de\/wp7s\/wp-content\/uploads\/2026\/04\/Bildschirmfoto-2026-04-19-um-11.37.50.png\" alt=\"\" class=\"wp-image-1351\" srcset=\"https:\/\/sieben-schwaben-fuerth.de\/wp7s\/wp-content\/uploads\/2026\/04\/Bildschirmfoto-2026-04-19-um-11.37.50.png 936w, https:\/\/sieben-schwaben-fuerth.de\/wp7s\/wp-content\/uploads\/2026\/04\/Bildschirmfoto-2026-04-19-um-11.37.50-191x300.png 191w, https:\/\/sieben-schwaben-fuerth.de\/wp7s\/wp-content\/uploads\/2026\/04\/Bildschirmfoto-2026-04-19-um-11.37.50-653x1024.png 653w, https:\/\/sieben-schwaben-fuerth.de\/wp7s\/wp-content\/uploads\/2026\/04\/Bildschirmfoto-2026-04-19-um-11.37.50-768x1205.png 768w\" sizes=\"auto, (max-width: 936px) 100vw, 936px\" \/><\/a><\/figure>\n<\/div>\n\n\n<p>Vorschau: <a href=\"https:\/\/sieben-schwaben-fuerth.de\/wp7s\/fassbier-der-woche\/\" data-type=\"page\" data-id=\"190\">Diese fr\u00e4nkischen Bier-Spezialit\u00e4ten kommen als N\u00e4chstes aus dem Zapfhahn<\/a><br><br>Es ist Karpfen-Saison!<br><br>Aischgr\u00fcnder Karpfen und Karpfenfilet, gebacken, dazu Endivien-, Sellerie- und Kartoffelsalat<\/p>\n\n\n\n<p><\/p>\n\n\n\n<p><\/p>\n","protected":false},"excerpt":{"rendered":"<p>Vorschau: Diese fr\u00e4nkischen Bier-Spezialit\u00e4ten kommen als N\u00e4chstes aus dem Zapfhahn Es ist Karpfen-Saison! Aischgr\u00fcnder Karpfen und Karpfenfilet, gebacken, dazu Endivien-, Sellerie- und Kartoffelsalat<\/p>\n","protected":false},"author":1,"featured_media":0,"comment_status":"closed","ping_status":"open","sticky":false,"template":"","format":"standard","meta":{"footnotes":""},"categories":[7],"tags":[],"class_list":["post-1350","post","type-post","status-publish","format-standard","hentry","category-tageskarte"],"_links":{"self":[{"href":"https:\/\/sieben-schwaben-fuerth.de\/wp7s\/wp-json\/wp\/v2\/posts\/1350","targetHints":{"allow":["GET"]}}],"collection":[{"href":"https:\/\/sieben-schwaben-fuerth.de\/wp7s\/wp-json\/wp\/v2\/posts"}],"about":[{"href":"https:\/\/sieben-schwaben-fuerth.de\/wp7s\/wp-json\/wp\/v2\/types\/post"}],"author":[{"embeddable":true,"href":"https:\/\/sieben-schwaben-fuerth.de\/wp7s\/wp-json\/wp\/v2\/users\/1"}],"replies":[{"embeddable":true,"href":"https:\/\/sieben-schwaben-fuerth.de\/wp7s\/wp-json\/wp\/v2\/comments?post=1350"}],"version-history":[{"count":1,"href":"https:\/\/sieben-schwaben-fuerth.de\/wp7s\/wp-json\/wp\/v2\/posts\/1350\/revisions"}],"predecessor-version":[{"id":1352,"href":"https:\/\/sieben-schwaben-fuerth.de\/wp7s\/wp-json\/wp\/v2\/posts\/1350\/revisions\/1352"}],"wp:attachment":[{"href":"https:\/\/sieben-schwaben-fuerth.de\/wp7s\/wp-json\/wp\/v2\/media?parent=1350"}],"wp:term":[{"taxonomy":"category","embeddable":true,"href":"https:\/\/sieben-schwaben-fuerth.de\/wp7s\/wp-json\/wp\/v2\/categories?post=1350"},{"taxonomy":"post_tag","embeddable":true,"href":"https:\/\/sieben-schwaben-fuerth.de\/wp7s\/wp-json\/wp\/v2\/tags?post=1350"}],"curies":[{"name":"wp","href":"https:\/\/api.w.org\/{rel}","templated":true}]}}