{"id":1397,"date":"2026-08-30T10:43:45","date_gmt":"2026-08-30T08:43:45","guid":{"rendered":"https:\/\/sieben-schwaben-fuerth.de\/wp7s\/?p=1397"},"modified":"2026-08-30T10:43:46","modified_gmt":"2026-08-30T08:43:46","slug":"tageskarte-30-august-2026","status":"publish","type":"post","link":"https:\/\/sieben-schwaben-fuerth.de\/wp7s\/1397\/tageskarte-30-august-2026\/","title":{"rendered":"Sonntag, 30. August"},"content":{"rendered":"<div class=\"wp-block-image\">\n<figure class=\"aligncenter size-full\"><a href=\"https:\/\/sieben-schwaben-fuerth.de\/wp7s\/wp-content\/uploads\/2026\/08\/Bildschirmfoto-2026-08-30-um-10.43.30.png\" target=\"_blank\" rel=\"noopener\"><img loading=\"lazy\" decoding=\"async\" width=\"848\" height=\"1464\" src=\"https:\/\/sieben-schwaben-fuerth.de\/wp7s\/wp-content\/uploads\/2026\/08\/Bildschirmfoto-2026-08-30-um-10.43.30.png\" alt=\"\" class=\"wp-image-1398\" srcset=\"https:\/\/sieben-schwaben-fuerth.de\/wp7s\/wp-content\/uploads\/2026\/08\/Bildschirmfoto-2026-08-30-um-10.43.30.png 848w, https:\/\/sieben-schwaben-fuerth.de\/wp7s\/wp-content\/uploads\/2026\/08\/Bildschirmfoto-2026-08-30-um-10.43.30-174x300.png 174w, https:\/\/sieben-schwaben-fuerth.de\/wp7s\/wp-content\/uploads\/2026\/08\/Bildschirmfoto-2026-08-30-um-10.43.30-593x1024.png 593w, https:\/\/sieben-schwaben-fuerth.de\/wp7s\/wp-content\/uploads\/2026\/08\/Bildschirmfoto-2026-08-30-um-10.43.30-768x1326.png 768w\" sizes=\"auto, (max-width: 848px) 100vw, 848px\" \/><\/a><\/figure>\n<\/div>\n\n\n<p class=\"wp-block-paragraph\">Vorschau: <a href=\"https:\/\/sieben-schwaben-fuerth.de\/wp7s\/fassbier-der-woche\/\" data-type=\"page\" data-id=\"190\">Diese fr\u00e4nkischen Bier-Spezialit\u00e4ten kommen als N\u00e4chstes aus dem Zapfhahn<\/a><br><\/p>\n\n\n\n<p class=\"wp-block-paragraph\"><\/p>\n\n\n\n<p class=\"wp-block-paragraph\"><\/p>\n","protected":false},"excerpt":{"rendered":"<p>Vorschau: Diese fr\u00e4nkischen Bier-Spezialit\u00e4ten kommen als N\u00e4chstes aus dem Zapfhahn<\/p>\n","protected":false},"author":1,"featured_media":0,"comment_status":"closed","ping_status":"open","sticky":false,"template":"","format":"standard","meta":{"footnotes":""},"categories":[7],"tags":[],"class_list":["post-1397","post","type-post","status-publish","format-standard","hentry","category-tageskarte"],"_links":{"self":[{"href":"https:\/\/sieben-schwaben-fuerth.de\/wp7s\/wp-json\/wp\/v2\/posts\/1397","targetHints":{"allow":["GET"]}}],"collection":[{"href":"https:\/\/sieben-schwaben-fuerth.de\/wp7s\/wp-json\/wp\/v2\/posts"}],"about":[{"href":"https:\/\/sieben-schwaben-fuerth.de\/wp7s\/wp-json\/wp\/v2\/types\/post"}],"author":[{"embeddable":true,"href":"https:\/\/sieben-schwaben-fuerth.de\/wp7s\/wp-json\/wp\/v2\/users\/1"}],"replies":[{"embeddable":true,"href":"https:\/\/sieben-schwaben-fuerth.de\/wp7s\/wp-json\/wp\/v2\/comments?post=1397"}],"version-history":[{"count":1,"href":"https:\/\/sieben-schwaben-fuerth.de\/wp7s\/wp-json\/wp\/v2\/posts\/1397\/revisions"}],"predecessor-version":[{"id":1399,"href":"https:\/\/sieben-schwaben-fuerth.de\/wp7s\/wp-json\/wp\/v2\/posts\/1397\/revisions\/1399"}],"wp:attachment":[{"href":"https:\/\/sieben-schwaben-fuerth.de\/wp7s\/wp-json\/wp\/v2\/media?parent=1397"}],"wp:term":[{"taxonomy":"category","embeddable":true,"href":"https:\/\/sieben-schwaben-fuerth.de\/wp7s\/wp-json\/wp\/v2\/categories?post=1397"},{"taxonomy":"post_tag","embeddable":true,"href":"https:\/\/sieben-schwaben-fuerth.de\/wp7s\/wp-json\/wp\/v2\/tags?post=1397"}],"curies":[{"name":"wp","href":"https:\/\/api.w.org\/{rel}","templated":true}]}}