{"id":158,"date":"2022-02-09T22:03:15","date_gmt":"2022-02-09T21:03:15","guid":{"rendered":"https:\/\/sieben-schwaben-fuerth.de\/wp7s\/?p=158"},"modified":"2025-03-29T16:02:54","modified_gmt":"2025-03-29T15:02:54","slug":"verstaerkung-gesucht-koch-m-w-d-2","status":"publish","type":"post","link":"https:\/\/sieben-schwaben-fuerth.de\/wp7s\/158\/verstaerkung-gesucht-koch-m-w-d-2\/","title":{"rendered":"Wir stellen ein: Koch (m\/w\/d)"},"content":{"rendered":"\n<p>Wir suchen zum n\u00e4chstm\u00f6glichen Zeitpunkt Verst\u00e4rkung f\u00fcr unser K\u00fcchenteam.<\/p>\n\n\n\n<p><strong>Deine Aufgaben:&nbsp;<\/strong><\/p>\n\n\n\n<ul class=\"wp-block-list\"><li>Vor &amp; Zubereitung von Speisen<\/li><li>Warenannahme und -kontrolle<\/li><li>Mitgestaltungsm\u00f6glichkeiten der Tageskarten<\/li><li>Mise en place &amp; Anrichten der Speisen<\/li><li>S\u00e4uberung &amp; Instandhaltung des Arbeitsplatzes<\/li><li>Einhaltung aller Lebensmittel-Hygiene- und Sicherheitsvorschriften \/ HACCP<\/li><\/ul>\n\n\n\n<p><strong>Dein Profil:&nbsp;<\/strong><\/p>\n\n\n\n<ul class=\"wp-block-list\"><li>Liebe f\u00fcr das Kochen &amp; Erfahrung in der fr\u00e4nkischen K\u00fcche<\/li><li>Positive Ausstrahlung &amp; gepflegtes Auftreten<\/li><li>Teamf\u00e4hig, zuverl\u00e4ssig wie verantwortungsbewusst<\/li><li>sauberes Arbeiten und Kenntnisse in der Lagerhaltung<\/li><\/ul>\n\n\n\n<p><strong>Unser Profil:&nbsp;<\/strong><\/p>\n\n\n\n<ul class=\"wp-block-list\"><li>junges Team mit famili\u00e4rem Betriebsklima und flachen Hierarchien<\/li><li>Weltoffene Traditionsgastst\u00e4tte mit gutem Ruf und vielen treuen lieben Stammg\u00e4sten<\/li><li>Fokus auf Nachhaltigkeit, Qualit\u00e4t &amp; Regionalit\u00e4t<\/li><li>faire und gute Bezahlung nach Erfahrung und pers\u00f6nlichem Einsatz<\/li><li>unbefristeter Arbeitsvertrag<\/li><li>5 Tage-Woche<\/li><li>keine unbezahlten \u00dcberstunden<\/li><\/ul>\n\n\n\n<p>Art der Stelle: Vollzeit, Festanstellung<\/p>\n","protected":false},"excerpt":{"rendered":"<p>Wir suchen zum n\u00e4chstm\u00f6glichen Zeitpunkt Verst\u00e4rkung f\u00fcr unser K\u00fcchenteam. Deine Aufgaben:&nbsp; Vor &amp; Zubereitung von Speisen Warenannahme und -kontrolle Mitgestaltungsm\u00f6glichkeiten der Tageskarten Mise en place &amp; Anrichten der Speisen S\u00e4uberung &amp; Instandhaltung des Arbeitsplatzes Einhaltung aller Lebensmittel-Hygiene- und Sicherheitsvorschriften \/ HACCP Dein Profil:&nbsp; Liebe f\u00fcr das Kochen &amp; Erfahrung in der fr\u00e4nkischen K\u00fcche Positive Ausstrahlung [&hellip;]<\/p>\n","protected":false},"author":1,"featured_media":0,"comment_status":"closed","ping_status":"open","sticky":false,"template":"","format":"standard","meta":{"footnotes":""},"categories":[8],"tags":[],"class_list":["post-158","post","type-post","status-publish","format-standard","hentry","category-stellenausschreibung"],"_links":{"self":[{"href":"https:\/\/sieben-schwaben-fuerth.de\/wp7s\/wp-json\/wp\/v2\/posts\/158","targetHints":{"allow":["GET"]}}],"collection":[{"href":"https:\/\/sieben-schwaben-fuerth.de\/wp7s\/wp-json\/wp\/v2\/posts"}],"about":[{"href":"https:\/\/sieben-schwaben-fuerth.de\/wp7s\/wp-json\/wp\/v2\/types\/post"}],"author":[{"embeddable":true,"href":"https:\/\/sieben-schwaben-fuerth.de\/wp7s\/wp-json\/wp\/v2\/users\/1"}],"replies":[{"embeddable":true,"href":"https:\/\/sieben-schwaben-fuerth.de\/wp7s\/wp-json\/wp\/v2\/comments?post=158"}],"version-history":[{"count":3,"href":"https:\/\/sieben-schwaben-fuerth.de\/wp7s\/wp-json\/wp\/v2\/posts\/158\/revisions"}],"predecessor-version":[{"id":291,"href":"https:\/\/sieben-schwaben-fuerth.de\/wp7s\/wp-json\/wp\/v2\/posts\/158\/revisions\/291"}],"wp:attachment":[{"href":"https:\/\/sieben-schwaben-fuerth.de\/wp7s\/wp-json\/wp\/v2\/media?parent=158"}],"wp:term":[{"taxonomy":"category","embeddable":true,"href":"https:\/\/sieben-schwaben-fuerth.de\/wp7s\/wp-json\/wp\/v2\/categories?post=158"},{"taxonomy":"post_tag","embeddable":true,"href":"https:\/\/sieben-schwaben-fuerth.de\/wp7s\/wp-json\/wp\/v2\/tags?post=158"}],"curies":[{"name":"wp","href":"https:\/\/api.w.org\/{rel}","templated":true}]}}